{"id":4444,"date":"2022-02-01T11:06:00","date_gmt":"2022-02-01T10:06:00","guid":{"rendered":"http:\/\/quasideluxe.de\/?p=4444"},"modified":"2022-11-20T21:17:32","modified_gmt":"2022-11-20T20:17:32","slug":"weitere-vorstellungen-im-februar-april-2022-von-con5p1r4-cy-14-junges-theater-bremen","status":"publish","type":"post","link":"https:\/\/www.quasideluxe.de\/?p=4444","title":{"rendered":"Februar + April 2022 &#8211; Weitere Vorstellungen von \u201eCON5P1R4.CY\u201c (14+) &#8211; Junges.Theater Bremen"},"content":{"rendered":"\n<h2 class=\"wp-block-heading\" id=\"block-b347c05e-fe30-4257-9283-a1fbd5620cf5\">Wir freuen uns \u00fcber die Einladung und Nominierung zum <a rel=\"noreferrer noopener\" href=\"https:\/\/www.die-stadtredaktion.de\/2022\/02\/rubriken\/kultur-ressorts\/programmveroeffentlichung-39-heidelberger-stueckemarkt\/\" target=\"_blank\">39. Heidelberger St\u00fcckemarkt<\/a>. Am 2. Mai 2022 sind\u00a0<strong>\u00bbC0N5P1R4.CY [Keine Zuf\u00e4lle]\u00ab<\/strong>\u00a0von Konradin Kunze und Ensemble vom MOKS Bremen eingeladen und f\u00fcr den Jugendst\u00fcckepreis nominiert. (Der Preis wird gestiftet vom Heidelberger Unternehmerehepaar Bettina Schies und Klaus Korte, KORTE Bauteile GmbH).<\/h2>\n\n\n\n<h3 class=\"wp-block-heading\"><a rel=\"noreferrer noopener\" href=\"https:\/\/theaterbremen.de\/de_DE\/programm\/c0n5p1r4-cy-keine-zufaelle.1278182\" data-type=\"URL\" target=\"_blank\">\u201eC0N5P1R4.CY\u201c (14+)<\/a> Eine St\u00fcckentwicklung&nbsp;vom Jungen.Theater Bremen aus dem Jahr 2020, \u00fcber Verschw\u00f6rungserz\u00e4hlungen. Ein Interviwe zum Hintergrund und zur Entstehung lesen Sie <a rel=\"noreferrer noopener\" href=\"https:\/\/theaterbremen.de\/de_DE\/c0n5p1r4-cy-alles-haengt-mit-allem-zusammen-und-nichts-ist-zufall#\" data-type=\"URL\" data-id=\"https:\/\/theaterbremen.de\/de_DE\/c0n5p1r4-cy-alles-haengt-mit-allem-zusammen-und-nichts-ist-zufall#\" target=\"_blank\">hier<\/a>. <\/h3>\n\n\n\n<h2 class=\"wp-block-heading\"><strong>Weitere Vorstellungen<\/strong> <strong>im <strong>Brauhaus<\/strong><\/strong> <strong>vom Theater Bremen<\/strong><\/h2>\n\n\n\n<h2 class=\"wp-block-heading\"><strong>Februar<\/strong><\/h2>\n\n\n\n<p>Do 03.02.22 &#8211; 10:30h<\/p>\n\n\n\n<p>Fr 04.02.22 &#8211; 10:30h<\/p>\n\n\n\n<p>Sa 05.02. &#8211; 19h <\/p>\n\n\n\n<h2 class=\"wp-block-heading\"><strong>April<\/strong><\/h2>\n\n\n\n<p>Fr 01.04. &#8211; 10:30h<\/p>\n\n\n\n<p>Sa 02.04. &#8211; 19h<\/p>\n\n\n\n<p>So 03.04. &#8211; 19h<\/p>\n\n\n\n<h2 class=\"wp-block-heading\"><strong>Besetzung<\/strong><\/h2>\n\n\n\n<p><strong>Regie\/Autor:<\/strong> Konradin Kunze<\/p>\n\n\n\n<p><strong>Musik\/Musikalische Leitung:<\/strong> Octavia Crummenerl<\/p>\n\n\n\n<p><strong>B\u00fchne\/Ausstattung:<\/strong> L\u00e9a Dietrich<\/p>\n\n\n\n<p><strong>Video:<\/strong> J\u00fcrgen Salzmann<\/p>\n\n\n\n<p><strong>Licht: <\/strong>J\u00f6rg Hartenstein<\/p>\n\n\n\n<p><strong>Schaupsieler:innen:<\/strong> Fabia Eyer; Judith Goldberg; Frederik Gora; Anne Sauvagoet<\/p>\n\n\n\n<p><strong>Dramaturgie:<\/strong> Sebastian Rest<\/p>\n","protected":false},"excerpt":{"rendered":"<p>Wir freuen uns \u00fcber die Einladung und Nominierung zum 39. Heidelberger St\u00fcckemarkt. Am 2. Mai 2022 sind\u00a0\u00bbC0N5P1R4.CY [Keine Zuf\u00e4lle]\u00ab\u00a0von Konradin Kunze und Ensemble vom MOKS Bremen eingeladen und f\u00fcr den Jugendst\u00fcckepreis nominiert. (Der Preis wird gestiftet vom Heidelberger Unternehmerehepaar Bettina Schies und Klaus Korte, KORTE Bauteile GmbH). \u201eC0N5P1R4.CY\u201c (14+) Eine St\u00fcckentwicklung&nbsp;vom Jungen.Theater Bremen aus dem &hellip; <\/p>\n<p class=\"link-more\"><a href=\"https:\/\/www.quasideluxe.de\/?p=4444\" class=\"more-link\"><span class=\"screen-reader-text\">\u201eFebruar + April 2022 &#8211; Weitere Vorstellungen von \u201eCON5P1R4.CY\u201c (14+) &#8211; Junges.Theater Bremen\u201c<\/span> weiterlesen<\/a><\/p>\n","protected":false},"author":1,"featured_media":3543,"comment_status":"closed","ping_status":"closed","sticky":false,"template":"","format":"standard","meta":{"footnotes":""},"categories":[12],"tags":[5],"class_list":["post-4444","post","type-post","status-publish","format-standard","has-post-thumbnail","hentry","category-theatermusik","tag-theatermusik"],"_links":{"self":[{"href":"https:\/\/www.quasideluxe.de\/index.php?rest_route=\/wp\/v2\/posts\/4444","targetHints":{"allow":["GET"]}}],"collection":[{"href":"https:\/\/www.quasideluxe.de\/index.php?rest_route=\/wp\/v2\/posts"}],"about":[{"href":"https:\/\/www.quasideluxe.de\/index.php?rest_route=\/wp\/v2\/types\/post"}],"author":[{"embeddable":true,"href":"https:\/\/www.quasideluxe.de\/index.php?rest_route=\/wp\/v2\/users\/1"}],"replies":[{"embeddable":true,"href":"https:\/\/www.quasideluxe.de\/index.php?rest_route=%2Fwp%2Fv2%2Fcomments&post=4444"}],"version-history":[{"count":18,"href":"https:\/\/www.quasideluxe.de\/index.php?rest_route=\/wp\/v2\/posts\/4444\/revisions"}],"predecessor-version":[{"id":4569,"href":"https:\/\/www.quasideluxe.de\/index.php?rest_route=\/wp\/v2\/posts\/4444\/revisions\/4569"}],"wp:featuredmedia":[{"embeddable":true,"href":"https:\/\/www.quasideluxe.de\/index.php?rest_route=\/wp\/v2\/media\/3543"}],"wp:attachment":[{"href":"https:\/\/www.quasideluxe.de\/index.php?rest_route=%2Fwp%2Fv2%2Fmedia&parent=4444"}],"wp:term":[{"taxonomy":"category","embeddable":true,"href":"https:\/\/www.quasideluxe.de\/index.php?rest_route=%2Fwp%2Fv2%2Fcategories&post=4444"},{"taxonomy":"post_tag","embeddable":true,"href":"https:\/\/www.quasideluxe.de\/index.php?rest_route=%2Fwp%2Fv2%2Ftags&post=4444"}],"curies":[{"name":"wp","href":"https:\/\/api.w.org\/{rel}","templated":true}]}}