{"id":2989,"date":"2018-12-06T15:59:20","date_gmt":"2018-12-06T14:59:20","guid":{"rendered":"http:\/\/quasideluxe.de\/?p=2989"},"modified":"2019-02-28T14:34:00","modified_gmt":"2019-02-28T13:34:00","slug":"weitere-vorstellungen-die-blechtrommel","status":"publish","type":"post","link":"https:\/\/www.quasideluxe.de\/?p=2989","title":{"rendered":"weitere vorstellungen: &#8222;DIE BLECHTROMMEL&#8220; febr. u. m\u00e4rz 2019"},"content":{"rendered":"<h3><span style=\"color: #339966;\"><a style=\"color: #339966;\" href=\"https:\/\/www.dt-goettingen.de\/stueck\/die-blechtrommel\/\" target=\"_blank\" rel=\"noopener\">die blechtrommel von g. grass <\/a><\/span>(theaterfassung: oliver reese)<\/h3>\n<h3><strong>deutsches theater g\u00f6ttingen (dt-2)<\/strong><\/h3>\n<p><strong>regie:<\/strong> theo fransz<\/p>\n<p><strong>komposition:<\/strong> octavia crummenerl gloggengie\u00dfer<\/p>\n<p><strong>b\u00fchne\/kost\u00fcme\/video\/animation:<\/strong> bettina weller<\/p>\n<p><strong>schauspieler: <\/strong>benjamin kempf<\/p>\n<p><strong>dramaturgie:<\/strong> sonja bachmann<\/p>\n<p><strong>presse:<\/strong><\/p>\n<ul>\n<li><span style=\"color: #339966;\"><a style=\"color: #339966;\" href=\"https:\/\/www.ndr.de\/kultur\/Premiere-fuer-Blechtrommel-Goettingen,blechtrommel128.html\" target=\"_blank\" rel=\"noopener\">NDR kultur, eva werler, 24.09.2018: &#8222;Die Blechtrommel&#8220; als starkes Ein-Mann-St\u00fcck<\/a><\/span><\/li>\n<li><span style=\"color: #339966;\"><a style=\"color: #339966;\" href=\"https:\/\/www.kulturbuero-goettingen.de\/997-oeffentlich\/szenenwechsel\/7960-theatermagazin-szenenwechsel-ein-boeses-maerchen\" target=\"_blank\" rel=\"noopener\">theatermagazin szenenwechsel, tina fibiger im gespr\u00e4ch mit theo fransz, 23.09.2018: Ein b\u00f6ses M\u00e4rchen <\/a><\/span><\/li>\n<li><span style=\"color: #339966;\"><a style=\"color: #339966;\" href=\"http:\/\/www.goettinger-tageblatt.de\/Nachrichten\/Kultur\/Regional\/Die-Blechtrommel-am-Deutschen-Theater-in-Goettingen\" target=\"_blank\" rel=\"noopener\">g\u00f6ttinger tageblatt \/ regional, claudia bartels, 24.09.2018: M\u00f6vendreck und Walzertakt<\/a><\/span><\/li>\n<\/ul>\n<p><strong>weiter vorstellungen<\/strong><\/p>\n<p><strong>dezember 2018:<\/strong><\/p>\n<p>so 23.12.2018 &#8211;\u00a0 18h<\/p>\n<p>fr 28.12.2018 &#8211;\u00a0 20h<\/p>\n<p><strong>januar 2019:<\/strong><\/p>\n<p>fr 18.01.2019 &#8211;\u00a0 20h<\/p>\n<p>sa 26.01.2019 &#8211;\u00a0 20h<\/p>\n<p><strong>februar 2019:<\/strong><\/p>\n<p>do 28.02.2019 &#8211;\u00a0 20h<\/p>\n<p><strong>m\u00e4rz 2019:<\/strong><\/p>\n<p>do 07.03.2019 &#8211;\u00a0 20h<\/p>\n<p>mi 13.03.2019 &#8211;\u00a0 20h<\/p>\n","protected":false},"excerpt":{"rendered":"<p>die blechtrommel von g. grass (theaterfassung: oliver reese) deutsches theater g\u00f6ttingen (dt-2) regie: theo fransz komposition: octavia crummenerl gloggengie\u00dfer b\u00fchne\/kost\u00fcme\/video\/animation: bettina weller schauspieler: benjamin kempf dramaturgie: sonja bachmann presse: NDR kultur, eva werler, 24.09.2018: &#8222;Die Blechtrommel&#8220; als starkes Ein-Mann-St\u00fcck theatermagazin szenenwechsel, tina fibiger im gespr\u00e4ch mit theo fransz, 23.09.2018: Ein b\u00f6ses M\u00e4rchen g\u00f6ttinger tageblatt \/ &hellip; <\/p>\n<p class=\"link-more\"><a href=\"https:\/\/www.quasideluxe.de\/?p=2989\" class=\"more-link\"><span class=\"screen-reader-text\">\u201eweitere vorstellungen: &#8222;DIE BLECHTROMMEL&#8220; febr. u. m\u00e4rz 2019\u201c<\/span> weiterlesen<\/a><\/p>\n","protected":false},"author":1,"featured_media":0,"comment_status":"closed","ping_status":"closed","sticky":false,"template":"","format":"standard","meta":{"footnotes":""},"categories":[12],"tags":[],"class_list":["post-2989","post","type-post","status-publish","format-standard","hentry","category-theatermusik"],"_links":{"self":[{"href":"https:\/\/www.quasideluxe.de\/index.php?rest_route=\/wp\/v2\/posts\/2989","targetHints":{"allow":["GET"]}}],"collection":[{"href":"https:\/\/www.quasideluxe.de\/index.php?rest_route=\/wp\/v2\/posts"}],"about":[{"href":"https:\/\/www.quasideluxe.de\/index.php?rest_route=\/wp\/v2\/types\/post"}],"author":[{"embeddable":true,"href":"https:\/\/www.quasideluxe.de\/index.php?rest_route=\/wp\/v2\/users\/1"}],"replies":[{"embeddable":true,"href":"https:\/\/www.quasideluxe.de\/index.php?rest_route=%2Fwp%2Fv2%2Fcomments&post=2989"}],"version-history":[{"count":12,"href":"https:\/\/www.quasideluxe.de\/index.php?rest_route=\/wp\/v2\/posts\/2989\/revisions"}],"predecessor-version":[{"id":3119,"href":"https:\/\/www.quasideluxe.de\/index.php?rest_route=\/wp\/v2\/posts\/2989\/revisions\/3119"}],"wp:attachment":[{"href":"https:\/\/www.quasideluxe.de\/index.php?rest_route=%2Fwp%2Fv2%2Fmedia&parent=2989"}],"wp:term":[{"taxonomy":"category","embeddable":true,"href":"https:\/\/www.quasideluxe.de\/index.php?rest_route=%2Fwp%2Fv2%2Fcategories&post=2989"},{"taxonomy":"post_tag","embeddable":true,"href":"https:\/\/www.quasideluxe.de\/index.php?rest_route=%2Fwp%2Fv2%2Ftags&post=2989"}],"curies":[{"name":"wp","href":"https:\/\/api.w.org\/{rel}","templated":true}]}}